{"id":6939,"date":"2022-02-23T22:25:50","date_gmt":"2022-02-24T03:25:50","guid":{"rendered":"https:\/\/cuisinesantelab.com\/?p=6939"},"modified":"2022-03-07T21:58:21","modified_gmt":"2022-03-08T02:58:21","slug":"tomato-avocado-cup-snacks-2","status":"publish","type":"post","link":"https:\/\/cuisinesantelab.com\/en\/2022\/02\/23\/tomato-avocado-cup-snacks-2\/","title":{"rendered":"COVID 2019- Emergency Healthy Meal Project for Vulnerable Francophones-Funding from the Red Cross of Canada\u00a0"},"content":{"rendered":"<div data-elementor-type=\"wp-post\" data-elementor-id=\"6939\" class=\"elementor elementor-6939\" data-elementor-post-type=\"post\">\n\t\t\t\t\t\t<section class=\"elementor-section elementor-top-section elementor-element elementor-element-62cac008 elementor-section-boxed elementor-section-height-default elementor-section-height-default qodef-elementor-content-no\" data-id=\"62cac008\" data-element_type=\"section\" data-e-type=\"section\">\n\t\t\t\t\t\t<div class=\"elementor-container elementor-column-gap-default\">\n\t\t\t\t\t<div class=\"elementor-column elementor-col-100 elementor-top-column elementor-element elementor-element-316ea60b\" data-id=\"316ea60b\" data-element_type=\"column\" data-e-type=\"column\">\n\t\t\t<div class=\"elementor-widget-wrap elementor-element-populated\">\n\t\t\t\t\t\t<div class=\"elementor-element elementor-element-13b5ddf6 elementor-widget elementor-widget-text-editor\" data-id=\"13b5ddf6\" data-element_type=\"widget\" data-e-type=\"widget\" data-widget_type=\"text-editor.default\">\n\t\t\t\t<div class=\"elementor-widget-container\">\n\t\t\t\t\t\t\t\t\t<div class=\"segment-summary\"><p><strong>Au mois de mars, le chef torontois Guy Dongu\u00e9 a \u00e9teint les lumi\u00e8res de son entreprise qui fournit normalement des repas \u00e0 des milliers d&rsquo;\u00e9l\u00e8ves.<\/strong><\/p><\/div><p>\u00c0 compter de demain cependant les fourneaux seront rallum\u00e9s. Le chef et son \u00e9quipe cuisineront 500\u00a0repas chauds pour le Centre Francophone de Toronto.\u00a0<q lang=\"fr\"><span lang=\"fr\" title=\"Fran\u00e7ais\">C\u2019est tout un grand d\u00e9fi logistique<\/span><\/q>, admet Guy Dongu\u00e9.<\/p><p>Les b\u00e9n\u00e9ficiaires de ces repas devront respecter certains crit\u00e8res, comme celui de subir une perte de revenus en raison de la COVID-19, avoir plus de 60\u00a0ans et \u00eatre isol\u00e9s, ou \u00eatre sans domicile fixe.<\/p><p><q lang=\"fr\"><span lang=\"fr\" title=\"Fran\u00e7ais\">L\u2019initiative c\u2019est surtout gr\u00e2ce \u00e0 l\u2019\u00e9lan de g\u00e9n\u00e9rosit\u00e9 de certains parents d\u2019\u00e9l\u00e8ves du Lyc\u00e9e fran\u00e7ais de Toronto<\/span><\/q>, explique le chef. Des employ\u00e9s de l\u2019\u00e9cole se sont aussi port\u00e9s b\u00e9n\u00e9voles.<\/p><p>L\u2019\u00e9quipe de Guy Dongu\u00e9 pr\u00e9parera 100\u00a0repas par jour avec trois personnes en cuisine, le maximum pour respecter les mesures de distanciation sociale.<\/p>\t\t\t\t\t\t\t\t<\/div>\n\t\t\t\t<\/div>\n\t\t\t\t\t<\/div>\n\t\t<\/div>\n\t\t\t\t\t<\/div>\n\t\t<\/section>\n\t\t\t\t<section class=\"elementor-section elementor-top-section elementor-element elementor-element-77a55616 elementor-section-boxed elementor-section-height-default elementor-section-height-default qodef-elementor-content-no\" data-id=\"77a55616\" data-element_type=\"section\" data-e-type=\"section\">\n\t\t\t\t\t\t<div class=\"elementor-container elementor-column-gap-default\">\n\t\t\t\t\t<div class=\"elementor-column elementor-col-100 elementor-top-column elementor-element elementor-element-36f48ccd\" data-id=\"36f48ccd\" data-element_type=\"column\" data-e-type=\"column\">\n\t\t\t<div class=\"elementor-widget-wrap elementor-element-populated\">\n\t\t\t\t\t\t<div class=\"elementor-element elementor-element-17e2b897 elementor-widget elementor-widget-text-editor\" data-id=\"17e2b897\" data-element_type=\"widget\" data-e-type=\"widget\" data-widget_type=\"text-editor.default\">\n\t\t\t\t<div class=\"elementor-widget-container\">\n\t\t\t\t\t\t\t\t\t<p style=\"line-height: 28px;\">Source:<strong> <a href=\"https:\/\/ici.radio-canada.ca\/ohdio\/premiere\/emissions\/l-heure-de-pointe-toronto\/segments\/entrevue\/167620\/guy-dongue-pandemie-centre-francophone-repas\">ici.radio-canada.ca<\/a><\/strong><\/p>\t\t\t\t\t\t\t\t<\/div>\n\t\t\t\t<\/div>\n\t\t\t\t\t<\/div>\n\t\t<\/div>\n\t\t\t\t\t<\/div>\n\t\t<\/section>\n\t\t\t\t<\/div>","protected":false},"excerpt":{"rendered":"<p>Au mois de mars, le chef torontois Guy Dongu\u00e9 a \u00e9teint les lumi\u00e8res de son entreprise qui fournit normalement des repas \u00e0 des milliers d&rsquo;\u00e9l\u00e8ves. \u00c0 compter de demain cependant [&hellip;]<\/p>\n","protected":false},"author":2,"featured_media":6942,"comment_status":"open","ping_status":"open","sticky":false,"template":"","format":"standard","meta":{"footnotes":""},"categories":[145],"tags":[33,62],"class_list":["post-6939","post","type-post","status-publish","format-standard","has-post-thumbnail","hentry","category-projects","tag-dinner","tag-salad"],"_links":{"self":[{"href":"https:\/\/cuisinesantelab.com\/en\/wp-json\/wp\/v2\/posts\/6939","targetHints":{"allow":["GET"]}}],"collection":[{"href":"https:\/\/cuisinesantelab.com\/en\/wp-json\/wp\/v2\/posts"}],"about":[{"href":"https:\/\/cuisinesantelab.com\/en\/wp-json\/wp\/v2\/types\/post"}],"author":[{"embeddable":true,"href":"https:\/\/cuisinesantelab.com\/en\/wp-json\/wp\/v2\/users\/2"}],"replies":[{"embeddable":true,"href":"https:\/\/cuisinesantelab.com\/en\/wp-json\/wp\/v2\/comments?post=6939"}],"version-history":[{"count":6,"href":"https:\/\/cuisinesantelab.com\/en\/wp-json\/wp\/v2\/posts\/6939\/revisions"}],"predecessor-version":[{"id":7147,"href":"https:\/\/cuisinesantelab.com\/en\/wp-json\/wp\/v2\/posts\/6939\/revisions\/7147"}],"wp:featuredmedia":[{"embeddable":true,"href":"https:\/\/cuisinesantelab.com\/en\/wp-json\/wp\/v2\/media\/6942"}],"wp:attachment":[{"href":"https:\/\/cuisinesantelab.com\/en\/wp-json\/wp\/v2\/media?parent=6939"}],"wp:term":[{"taxonomy":"category","embeddable":true,"href":"https:\/\/cuisinesantelab.com\/en\/wp-json\/wp\/v2\/categories?post=6939"},{"taxonomy":"post_tag","embeddable":true,"href":"https:\/\/cuisinesantelab.com\/en\/wp-json\/wp\/v2\/tags?post=6939"}],"curies":[{"name":"wp","href":"https:\/\/api.w.org\/{rel}","templated":true}]}}