{"id":7431,"date":"2022-04-24T21:24:55","date_gmt":"2022-04-25T01:24:55","guid":{"rendered":"https:\/\/cuisinesantelab.com\/?p=7431"},"modified":"2022-04-30T16:28:18","modified_gmt":"2022-04-30T20:28:18","slug":"le-fenouil-dans-vos-plats-et-pour-votre-sante","status":"publish","type":"post","link":"https:\/\/cuisinesantelab.com\/en\/2022\/04\/24\/le-fenouil-dans-vos-plats-et-pour-votre-sante\/","title":{"rendered":"Fennel in your dishes, and for your health!"},"content":{"rendered":"<div data-elementor-type=\"wp-post\" data-elementor-id=\"7431\" class=\"elementor elementor-7431\" data-elementor-post-type=\"post\">\n\t\t\t\t\t\t<section class=\"elementor-section elementor-top-section elementor-element elementor-element-eef9a93 elementor-section-boxed elementor-section-height-default elementor-section-height-default qodef-elementor-content-no\" data-id=\"eef9a93\" data-element_type=\"section\" data-e-type=\"section\">\n\t\t\t\t\t\t<div class=\"elementor-container elementor-column-gap-default\">\n\t\t\t\t\t<div class=\"elementor-column elementor-col-50 elementor-top-column elementor-element elementor-element-1c5350b\" data-id=\"1c5350b\" data-element_type=\"column\" data-e-type=\"column\">\n\t\t\t<div class=\"elementor-widget-wrap elementor-element-populated\">\n\t\t\t\t\t\t<div class=\"elementor-element elementor-element-29492da elementor-widget elementor-widget-image\" data-id=\"29492da\" data-element_type=\"widget\" data-e-type=\"widget\" data-widget_type=\"image.default\">\n\t\t\t\t<div class=\"elementor-widget-container\">\n\t\t\t\t\t\t\t\t\t\t\t\t\t\t\t<img fetchpriority=\"high\" decoding=\"async\" width=\"276\" height=\"182\" src=\"https:\/\/cuisinesantelab.com\/wp-content\/uploads\/2022\/04\/fenouil.jpg\" class=\"attachment-medium size-medium wp-image-7435\" alt=\"\" srcset=\"https:\/\/cuisinesantelab.com\/wp-content\/uploads\/2022\/04\/fenouil.jpg 276w, https:\/\/cuisinesantelab.com\/wp-content\/uploads\/2022\/04\/fenouil-18x12.jpg 18w\" sizes=\"(max-width: 276px) 100vw, 276px\" \/>\t\t\t\t\t\t\t\t\t\t\t\t\t\t\t<\/div>\n\t\t\t\t<\/div>\n\t\t\t\t\t<\/div>\n\t\t<\/div>\n\t\t\t\t<div class=\"elementor-column elementor-col-50 elementor-top-column elementor-element elementor-element-754fd85\" data-id=\"754fd85\" data-element_type=\"column\" data-e-type=\"column\">\n\t\t\t<div class=\"elementor-widget-wrap elementor-element-populated\">\n\t\t\t\t\t\t<div class=\"elementor-element elementor-element-5ef6d58 elementor-widget elementor-widget-text-editor\" data-id=\"5ef6d58\" data-element_type=\"widget\" data-e-type=\"widget\" data-widget_type=\"text-editor.default\">\n\t\t\t\t<div class=\"elementor-widget-container\">\n\t\t\t\t\t\t\t\t\t<p style=\"font-family: 'Droid Sans', Arial, sans-serif; font-size: 15px; margin-top: 0px; margin-bottom: 1.5em; color: #404040; letter-spacing: normal; background-color: #ffffff; text-align: justify;\" data-adtags-visited=\"true\"><span style=\"font-family: inherit; font-style: inherit; font-weight: bold;\">Le fenouil, un antidote symbolique<\/span><\/p><p style=\"font-family: 'Droid Sans', Arial, sans-serif; font-size: 15px; margin-top: 0px; margin-bottom: 1.5em; color: #404040; letter-spacing: normal; background-color: #ffffff; text-align: justify;\" data-adtags-visited=\"true\">Nous sommes au treizi\u00e8me\u00a0si\u00e8cle, sur les terrains rocailleux et secs du Sud de l\u2019Europe, lorsque le terme \u00ab\u00a0<span style=\"font-family: inherit; font-style: inherit; font-weight: bold;\">fenouil<\/span>\u00a0\u00bb apparait dans la langue fran\u00e7aise.\u00a0<span style=\"font-weight: var( --e-global-typography-text-font-weight ); background-color: #ffffff;\">Il est synonyme d\u2019ombellif\u00e8res et vient du latin\u00a0<\/span><em style=\"font-family: inherit; font-weight: inherit;\">foeniculum,\u00a0<\/em><span style=\"font-weight: var( --e-global-typography-text-font-weight ); background-color: #ffffff;\">qui signifie\u00a0<\/span><em style=\"font-family: inherit; font-weight: inherit;\">\u00ab\u00a0petit foin\u00a0\u00bb<\/em><span style=\"font-weight: var( --e-global-typography-text-font-weight ); background-color: #ffffff;\">. A cette \u00e9poque, le fenouil d\u00e9signait une sorte de gramin\u00e9e aromatique qui permettait d\u2019\u00e9loigner les insectes.<\/span><\/p>\t\t\t\t\t\t\t\t<\/div>\n\t\t\t\t<\/div>\n\t\t\t\t\t<\/div>\n\t\t<\/div>\n\t\t\t\t\t<\/div>\n\t\t<\/section>\n\t\t\t\t<section class=\"elementor-section elementor-top-section elementor-element elementor-element-e6e68c2 elementor-section-boxed elementor-section-height-default elementor-section-height-default qodef-elementor-content-no\" data-id=\"e6e68c2\" data-element_type=\"section\" data-e-type=\"section\">\n\t\t\t\t\t\t<div class=\"elementor-container elementor-column-gap-default\">\n\t\t\t\t\t<div class=\"elementor-column elementor-col-100 elementor-top-column elementor-element elementor-element-ea6c98b\" data-id=\"ea6c98b\" data-element_type=\"column\" data-e-type=\"column\">\n\t\t\t<div class=\"elementor-widget-wrap elementor-element-populated\">\n\t\t\t\t\t\t<div class=\"elementor-element elementor-element-1c0a946 elementor-widget elementor-widget-text-editor\" data-id=\"1c0a946\" data-element_type=\"widget\" data-e-type=\"widget\" data-widget_type=\"text-editor.default\">\n\t\t\t\t<div class=\"elementor-widget-container\">\n\t\t\t\t\t\t\t\t\t<p style=\"font-family: 'Droid Sans', Arial, sans-serif; font-size: 15px; margin-top: 0px; margin-bottom: 1.5em; color: #404040; letter-spacing: normal; background-color: #ffffff; text-align: justify;\" data-adtags-visited=\"true\"><span style=\"background-color: #ffffff;\">Plus loin, dans le bassin de la m\u00e9diterran\u00e9e, le fenouil est cultiv\u00e9 par les \u00c9gyptiens et devient populaire chez les Grecs et les Romains pour ses vertus m\u00e9dicinales. D\u2019abord comme antidote contre les piq\u00fbres des scorpions, les morsures des serpents et des chiens, il arbore au fil des si\u00e8cles, une riche symbolique dans l\u2019antique Phrygie.\u00a0<\/span><span style=\"background-color: #ffffff;\">Pendant les c\u00e9r\u00e9monies rituelles au dieu\u00a0<\/span><em style=\"font-family: inherit; font-weight: inherit;\">Sabazios<\/em><span style=\"background-color: #ffffff;\">, ses adeptes s\u2019en paraient afin de pouvoir manipuler les serpents d\u00e9di\u00e9s aux rites initiatiques.\u00a0<\/span><span style=\"background-color: #ffffff;\">La mythologie grecque pour sa part enseigne que la connaissance de l\u2019Olympe a \u00e9t\u00e9 transmise aux humains sous la forme d\u2019un charbon ardent plac\u00e9 dans une tige de fenouil.\u00a0<\/span><span style=\"background-color: #ffffff;\">Pour les anciens Anglo-Saxons, le fenouil \u00e9tait une des neuf\u00a0<\/span><span style=\"font-family: inherit; font-style: inherit; font-weight: bold;\">herbes sacr\u00e9es<\/span><span style=\"background-color: #ffffff;\">\u00a0appropri\u00e9es pour combattre les neuf causes possibles de la maladie.<\/span><\/p><p style=\"font-family: 'Droid Sans', Arial, sans-serif; font-size: 15px; margin-top: 0px; margin-bottom: 1.5em; color: #404040; letter-spacing: normal; background-color: #ffffff; text-align: justify;\" data-adtags-visited=\"true\"><span style=\"font-family: inherit; font-style: inherit; font-weight: bold;\">Le fenouil et notre Sant\u00e9 aujourd\u2019hui\u2026<\/span><\/p><p style=\"font-family: 'Droid Sans', Arial, sans-serif; font-size: 15px; margin-top: 0px; margin-bottom: 1.5em; color: #404040; letter-spacing: normal; background-color: #ffffff; text-align: justify;\" data-adtags-visited=\"true\">En plus de son usage antique et symbolique, le fenouil, appel\u00e9 \u00ab\u00a0\u00e9pice des anges\u00a0\u00bb est tr\u00e8s recherch\u00e9. Il est cultiv\u00e9 en Italie, au Royaume-Uni et en Californie. On le retrouve dans plusieurs plats traditionnels Italiens, notamment en Sicile. Il donne aux volailles \u00e0 r\u00f4tir, une agr\u00e9able saveur anis\u00e9e.\u00a0<span style=\"background-color: #ffffff;\">Au-del\u00e0 des terrains rocailleux et secs du bassin m\u00e9diterran\u00e9en, ou de la Californie, plusieurs \u00e9tudes, aussi bien prospectives qu\u2019\u00e9pid\u00e9miologiques ont d\u00e9montr\u00e9 que la consommation \u00e9lev\u00e9e de l\u00e9gumes et de fruits diminuait le risque de maladies cardiovasculaires, de certains cancers et d\u2019autres maladies chroniques.<\/span><\/p><p style=\"font-family: 'Droid Sans', Arial, sans-serif; font-size: 15px; margin-top: 0px; margin-bottom: 1.5em; color: #404040; letter-spacing: normal; background-color: #ffffff; text-align: justify;\" data-adtags-visited=\"true\"><span style=\"font-family: inherit; font-style: inherit; font-weight: bold;\">En ce qui concerne le fenouil<\/span><\/p><p style=\"font-family: 'Droid Sans', Arial, sans-serif; font-size: 15px; margin-top: 0px; margin-bottom: 1.5em; color: #404040; letter-spacing: normal; background-color: #ffffff; text-align: justify;\" data-adtags-visited=\"true\">Selon Parejo\u00a0<em style=\"font-family: inherit; font-weight: inherit;\">et al<\/em>. (2004), une douzaine de compos\u00e9s antioxydants ont \u00e9t\u00e9 retrouv\u00e9s dans un extrait de fleurs, de feuilles et tiges de fenouil.\u00a0<span style=\"background-color: #ffffff;\">Pour Karakaya (2004), comme pour Soerjomataram et al. (2010) dans le Journal Europ\u00e9en du Cancer, les feuilles de fenouils devraient \u00eatre int\u00e9gr\u00e9es\u00a0 \u00e0 notre alimentation dans la mesure o\u00f9 elles auraient une activit\u00e9 antioxydant sup\u00e9rieure\u00a0\u00e0 celles des autres extraits d\u2019herbe aromatiques. Il faut aussi noter que les propri\u00e9t\u00e9s antioxydantes des feuilles de fenouil prot\u00e8gent les cellules du corps des dommages caus\u00e9s par les radicaux libres.\u00a0<\/span><em style=\"font-family: inherit; font-weight: inherit;\">Les radicaux libres sont des mol\u00e9cules actives qui sont impliqu\u00e9es dans le d\u00e9veloppement\u00a0<span style=\"font-family: inherit; font-style: inherit; font-weight: bold;\">des maladies cardiovasculaires,<\/span>\u00a0de certains\u00a0<span style=\"font-family: inherit; font-style: inherit; font-weight: bold;\">cancers<\/span>\u00a0et d\u2019autres maladies li\u00e9es au\u00a0<span style=\"font-family: inherit; font-style: inherit; font-weight: bold;\">vieillissement.<\/span><\/em><\/p><p style=\"font-family: 'Droid Sans', Arial, sans-serif; font-size: 15px; margin-top: 0px; margin-bottom: 1.5em; color: #404040; letter-spacing: normal; background-color: #ffffff; text-align: justify;\" data-adtags-visited=\"true\">Dans la m\u00eame perspective, les chercheurs Christensen LP. et Brandt K. (2006), soulignent la pr\u00e9sence des polyac\u00e9tyl\u00e8nes dans les feuilles de fenouil. Les polyac\u00e9tyl\u00e8nes sont des compos\u00e9s bioactifs qui ont des effets anti-inflammatoires et antibact\u00e9riens. Ils emp\u00eachent aussi la multiplication des cellules canc\u00e9reuses\u00a0<em style=\"font-family: inherit; font-weight: inherit;\">in vitro<\/em>.\u00a0<em style=\"font-family: inherit; font-weight: inherit;\">Moins calorique comme certains l\u00e9gumes, le fenouil est un bon alli\u00e9 des r\u00e9gimes minceur.<\/em><\/p><p style=\"font-family: 'Droid Sans', Arial, sans-serif; font-size: 15px; margin-top: 0px; margin-bottom: 1.5em; color: #404040; letter-spacing: normal; background-color: #ffffff;\" data-adtags-visited=\"true\"><span style=\"font-family: inherit; font-style: inherit; font-weight: bold;\">Le Fenouil dans nos plats\u00a0: de la th\u00e9orie\u00a0\u00e0 la pratique\u2026<\/span><\/p>\t\t\t\t\t\t\t\t<\/div>\n\t\t\t\t<\/div>\n\t\t\t\t\t<\/div>\n\t\t<\/div>\n\t\t\t\t\t<\/div>\n\t\t<\/section>\n\t\t\t\t<section class=\"elementor-section elementor-top-section elementor-element elementor-element-0bd5bf9 elementor-section-boxed elementor-section-height-default elementor-section-height-default qodef-elementor-content-no\" data-id=\"0bd5bf9\" data-element_type=\"section\" data-e-type=\"section\">\n\t\t\t\t\t\t<div class=\"elementor-container elementor-column-gap-default\">\n\t\t\t\t\t<div class=\"elementor-column elementor-col-50 elementor-top-column elementor-element elementor-element-7c5c246\" data-id=\"7c5c246\" data-element_type=\"column\" data-e-type=\"column\">\n\t\t\t<div class=\"elementor-widget-wrap elementor-element-populated\">\n\t\t\t\t\t\t<div class=\"elementor-element elementor-element-851ce2b elementor-widget elementor-widget-image\" data-id=\"851ce2b\" data-element_type=\"widget\" data-e-type=\"widget\" data-widget_type=\"image.default\">\n\t\t\t\t<div class=\"elementor-widget-container\">\n\t\t\t\t\t\t\t\t\t\t\t\t\t\t\t<img decoding=\"async\" width=\"200\" height=\"300\" src=\"https:\/\/cuisinesantelab.com\/wp-content\/uploads\/2022\/04\/expli1_0040.webp\" class=\"attachment-large size-large wp-image-7434\" alt=\"\" srcset=\"https:\/\/cuisinesantelab.com\/wp-content\/uploads\/2022\/04\/expli1_0040.webp 200w, https:\/\/cuisinesantelab.com\/wp-content\/uploads\/2022\/04\/expli1_0040-8x12.webp 8w\" sizes=\"(max-width: 200px) 100vw, 200px\" \/>\t\t\t\t\t\t\t\t\t\t\t\t\t\t\t<\/div>\n\t\t\t\t<\/div>\n\t\t\t\t\t<\/div>\n\t\t<\/div>\n\t\t\t\t<div class=\"elementor-column elementor-col-50 elementor-top-column elementor-element elementor-element-ba5340d\" data-id=\"ba5340d\" data-element_type=\"column\" data-e-type=\"column\">\n\t\t\t<div class=\"elementor-widget-wrap elementor-element-populated\">\n\t\t\t\t\t\t<div class=\"elementor-element elementor-element-f46cf88 elementor-widget elementor-widget-text-editor\" data-id=\"f46cf88\" data-element_type=\"widget\" data-e-type=\"widget\" data-widget_type=\"text-editor.default\">\n\t\t\t\t<div class=\"elementor-widget-container\">\n\t\t\t\t\t\t\t\t\t<p style=\"font-family: 'Droid Sans', Arial, sans-serif; font-size: 15px; margin-top: 0px; margin-bottom: 1.5em; color: #404040; letter-spacing: normal; background-color: #ffffff; text-align: justify;\" data-adtags-visited=\"true\">Dans son projet d\u2019activit\u00e9s en saine alimentation, le Chef Guy Dongu\u00e9 de Cuisine et Sant\u00e9 des Canadiens a initi\u00e9 une s\u00e9rie d\u2019ateliers dans la ville de Toronto en partenariat avec diff\u00e9rents groupes et organismes communautaires.<\/p><ul style=\"font-family: 'Droid Sans', Arial, sans-serif; font-size: 15px; margin-left: 1.15385em; list-style: square; color: #404040; background-color: #ffffff; text-align: justify;\"><li style=\"font-family: inherit; font-style: inherit; font-weight: inherit;\">Le 17 Avril en partenariat avec FoodShare, 15 participants ont re\u00e7u une formation en saine alimentation,<\/li><li style=\"font-family: inherit; font-style: inherit; font-weight: inherit;\">Le 24 Avril \u00e0 Oakville\u00a0\u00e0 l\u2019\u00e9cole secondaire Iroquois Ridge High school avec 93 participants,<\/li><li style=\"font-family: inherit; font-style: inherit; font-weight: inherit;\">\u00c0 Toronto avec Action Positive, le 1er mai 2014, 15 participants ont suivi leur formation.<\/li><\/ul><div style=\"text-align: justify;\"><p style=\"background-color: #ffffff; letter-spacing: normal; text-align: start;\"><span style=\"background-color: #ffffff; color: #404040; font-family: 'Droid Sans', Arial, sans-serif; font-size: 15px; text-align: justify;\">Au cours de l\u2019atelier du 17 Avril dernier, les 15 participants ont eu l\u2019occasion de cuisiner ensemble avec le Chef Guy,\u00a0<\/span><span style=\"background-color: #ffffff; font-family: 'Droid Sans', Arial, sans-serif; font-size: 15px; font-weight: bold; color: #404040; text-align: justify;\">du Fenouil\u00a0<span style=\"font-family: inherit; font-style: inherit;\">\u00e0<\/span>\u00a0l\u2019orange et poisson en papillote\u00a0<\/span><span style=\"background-color: #ffffff; color: #404040; font-family: 'Droid Sans', Arial, sans-serif; font-size: 15px; text-align: justify;\">qui \u00e9tait au menu.\u00a0<\/span><em style=\"background-color: #ffffff; font-family: 'Droid Sans', Arial, sans-serif; font-size: 15px; color: #404040; text-align: justify;\">Le choix du fenouil dans ce plat se justifie d\u2019abord par ses vertus d\u2019antioxydant et d\u2019anti-inflamatoire qui ont des effets b\u00e9n\u00e9fiques sur notre sant\u00e9.<\/em><\/p><\/div>\t\t\t\t\t\t\t\t<\/div>\n\t\t\t\t<\/div>\n\t\t\t\t\t<\/div>\n\t\t<\/div>\n\t\t\t\t\t<\/div>\n\t\t<\/section>\n\t\t\t\t<section class=\"elementor-section elementor-top-section elementor-element elementor-element-05ccfaa elementor-section-boxed elementor-section-height-default elementor-section-height-default qodef-elementor-content-no\" data-id=\"05ccfaa\" data-element_type=\"section\" data-e-type=\"section\">\n\t\t\t\t\t\t<div class=\"elementor-container elementor-column-gap-default\">\n\t\t\t\t\t<div class=\"elementor-column elementor-col-33 elementor-top-column elementor-element elementor-element-9bfca7a\" data-id=\"9bfca7a\" data-element_type=\"column\" data-e-type=\"column\">\n\t\t\t<div class=\"elementor-widget-wrap\">\n\t\t\t\t\t\t\t<\/div>\n\t\t<\/div>\n\t\t\t\t<div class=\"elementor-column elementor-col-33 elementor-top-column elementor-element elementor-element-d52b345\" data-id=\"d52b345\" data-element_type=\"column\" data-e-type=\"column\">\n\t\t\t<div class=\"elementor-widget-wrap elementor-element-populated\">\n\t\t\t\t\t\t<div class=\"elementor-element elementor-element-87c6cea elementor-widget elementor-widget-gallery\" data-id=\"87c6cea\" data-element_type=\"widget\" data-e-type=\"widget\" data-settings=\"{&quot;columns&quot;:2,&quot;gap&quot;:{&quot;unit&quot;:&quot;px&quot;,&quot;size&quot;:37,&quot;sizes&quot;:[]},&quot;lazyload&quot;:&quot;yes&quot;,&quot;gallery_layout&quot;:&quot;grid&quot;,&quot;columns_tablet&quot;:2,&quot;columns_mobile&quot;:1,&quot;gap_tablet&quot;:{&quot;unit&quot;:&quot;px&quot;,&quot;size&quot;:10,&quot;sizes&quot;:[]},&quot;gap_mobile&quot;:{&quot;unit&quot;:&quot;px&quot;,&quot;size&quot;:10,&quot;sizes&quot;:[]},&quot;link_to&quot;:&quot;file&quot;,&quot;aspect_ratio&quot;:&quot;3:2&quot;,&quot;overlay_background&quot;:&quot;yes&quot;,&quot;content_hover_animation&quot;:&quot;fade-in&quot;}\" data-widget_type=\"gallery.default\">\n\t\t\t\t<div class=\"elementor-widget-container\">\n\t\t\t\t\t\t\t<div class=\"elementor-gallery__container\">\n\t\t\t\t\t\t\t<a class=\"e-gallery-item elementor-gallery-item elementor-animated-content\" href=\"https:\/\/cuisinesantelab.com\/wp-content\/uploads\/2022\/04\/ecoleoackville2.webp\" data-elementor-open-lightbox=\"yes\" data-elementor-lightbox-slideshow=\"87c6cea\" data-elementor-lightbox-title=\"ecoleoackville2\" data-e-action-hash=\"#elementor-action%3Aaction%3Dlightbox%26settings%3DeyJpZCI6NzQzMywidXJsIjoiaHR0cHM6XC9cL2N1aXNpbmVzYW50ZWxhYi5jb21cL3dwLWNvbnRlbnRcL3VwbG9hZHNcLzIwMjJcLzA0XC9lY29sZW9hY2t2aWxsZTIud2VicCIsInNsaWRlc2hvdyI6Ijg3YzZjZWEifQ%3D%3D\">\n\t\t\t\t\t<div class=\"e-gallery-image elementor-gallery-item__image\" data-thumbnail=\"https:\/\/cuisinesantelab.com\/wp-content\/uploads\/2022\/04\/ecoleoackville2.webp\" data-width=\"300\" data-height=\"224\" aria-label=\"\" role=\"img\" ><\/div>\n\t\t\t\t\t\t\t\t\t\t\t<div class=\"elementor-gallery-item__overlay\"><\/div>\n\t\t\t\t\t\t\t\t\t\t\t\t\t\t<\/a>\n\t\t\t\t\t\t\t<a class=\"e-gallery-item elementor-gallery-item elementor-animated-content\" href=\"https:\/\/cuisinesantelab.com\/wp-content\/uploads\/2022\/04\/prati1_0056.webp\" data-elementor-open-lightbox=\"yes\" data-elementor-lightbox-slideshow=\"87c6cea\" data-elementor-lightbox-title=\"prati1_0056\" data-e-action-hash=\"#elementor-action%3Aaction%3Dlightbox%26settings%3DeyJpZCI6NzQzNiwidXJsIjoiaHR0cHM6XC9cL2N1aXNpbmVzYW50ZWxhYi5jb21cL3dwLWNvbnRlbnRcL3VwbG9hZHNcLzIwMjJcLzA0XC9wcmF0aTFfMDA1Ni53ZWJwIiwic2xpZGVzaG93IjoiODdjNmNlYSJ9\">\n\t\t\t\t\t<div class=\"e-gallery-image elementor-gallery-item__image\" data-thumbnail=\"https:\/\/cuisinesantelab.com\/wp-content\/uploads\/2022\/04\/prati1_0056-300x200.webp\" data-width=\"300\" data-height=\"200\" aria-label=\"\" role=\"img\" ><\/div>\n\t\t\t\t\t\t\t\t\t\t\t<div class=\"elementor-gallery-item__overlay\"><\/div>\n\t\t\t\t\t\t\t\t\t\t\t\t\t\t<\/a>\n\t\t\t\t\t<\/div>\n\t\t\t\t\t<\/div>\n\t\t\t\t<\/div>\n\t\t\t\t\t<\/div>\n\t\t<\/div>\n\t\t\t\t<div class=\"elementor-column elementor-col-33 elementor-top-column elementor-element elementor-element-025c172\" data-id=\"025c172\" data-element_type=\"column\" data-e-type=\"column\">\n\t\t\t<div class=\"elementor-widget-wrap\">\n\t\t\t\t\t\t\t<\/div>\n\t\t<\/div>\n\t\t\t\t\t<\/div>\n\t\t<\/section>\n\t\t\t\t<section class=\"elementor-section elementor-top-section elementor-element elementor-element-3a27bfa elementor-section-boxed elementor-section-height-default elementor-section-height-default qodef-elementor-content-no\" data-id=\"3a27bfa\" data-element_type=\"section\" data-e-type=\"section\">\n\t\t\t\t\t\t<div class=\"elementor-container elementor-column-gap-default\">\n\t\t\t\t\t<div class=\"elementor-column elementor-col-50 elementor-top-column elementor-element elementor-element-94a6f21\" data-id=\"94a6f21\" data-element_type=\"column\" data-e-type=\"column\">\n\t\t\t<div class=\"elementor-widget-wrap elementor-element-populated\">\n\t\t\t\t\t\t<div class=\"elementor-element elementor-element-233710e elementor-widget elementor-widget-text-editor\" data-id=\"233710e\" data-element_type=\"widget\" data-e-type=\"widget\" data-widget_type=\"text-editor.default\">\n\t\t\t\t<div class=\"elementor-widget-container\">\n\t\t\t\t\t\t\t\t\t<p style=\"font-family: 'Droid Sans', Arial, sans-serif; font-size: 15px; margin-top: 0px; margin-bottom: 1.5em; color: #404040; letter-spacing: normal; background-color: #ffffff; text-align: left;\" data-adtags-visited=\"true\"><span style=\"font-weight: var( --e-global-typography-text-font-weight ); background-color: #ffffff;\">Pour en savoir plus sur cet atelier, visiter le journal l\u2019Express de Toronto en cliquant sur le lien suivant\u00a0:\u00a0<\/span><a style=\"font-family: inherit; font-weight: inherit; color: #ea2e25; font-style: inherit;\" href=\"http:\/\/www.lexpress.to\/archives\/13874\/\">http:\/\/www.lexpress.to\/archives\/13874\/<\/a><\/p><p style=\"font-family: 'Droid Sans', Arial, sans-serif; font-size: 15px; margin-top: 0px; margin-bottom: 1.5em; color: #404040; letter-spacing: normal; background-color: #ffffff; text-align: justify;\" data-adtags-visited=\"true\">Comme \u00e0 son habitude, le Chef Guy Dongu\u00e9 a mis \u00e0 votre disposition les \u00e9tapes \u00e0 suivre pour pr\u00e9parer\u00a0<span style=\"font-family: inherit; font-style: inherit; font-weight: bold;\">votre\u00a0<span style=\"font-family: inherit; font-style: inherit;\">Fenouil\u00a0<span style=\"font-family: inherit; font-style: inherit;\">\u00e0<\/span>\u00a0l\u2019orange et<\/span>\u00a0poisson en papillote !\u00a0<\/span><span style=\"background-color: #ffffff;\">We invite you to consult the tab\u00a0<\/span><span style=\"font-family: inherit; font-style: inherit; font-weight: bold;\">&quot; Receipts &quot;<\/span><span style=\"background-color: #ffffff;\">\u00a0pour d\u00e9couvrir ces \u00e9tapes:\u00a0<\/span><a href=\"https:\/\/cuisinesantelab.com\/en\/all-recipes\/\">https:\/\/cuisinesantelab.com\/all-recipes\/<\/a><\/p><p style=\"margin-top: 0px; margin-bottom: 1.5em; background-color: #ffffff; font-family: 'Droid Sans', Arial, sans-serif; font-size: 15px; letter-spacing: normal; color: #404040; text-align: justify;\" data-adtags-visited=\"true\"><span style=\"font-family: inherit; font-style: inherit; font-weight: bold;\">To your kitchens and good practice!<\/span><\/p><p style=\"margin-top: 0px; margin-bottom: 1.5em; background-color: #ffffff; font-family: 'Droid Sans', Arial, sans-serif; font-size: 15px; letter-spacing: normal; color: #404040; text-align: justify;\" data-adtags-visited=\"true\">Do not hesitate to contact Chef Guy Dongu\u00e9 if you need practical advice<span style=\"font-family: inherit; font-style: inherit; font-weight: bold;\">, It&#039;s free!<\/span><\/p><p style=\"margin-top: 0px; margin-bottom: 1.5em; background-color: #ffffff; font-family: 'Droid Sans', Arial, sans-serif; font-size: 15px; letter-spacing: normal; color: #404040; text-align: justify;\" data-adtags-visited=\"true\"><span style=\"background-color: #ffffff; font-weight: bold;\">By phone at (647)-836-9021; by email to\u00a0<a style=\"color: #ea2e25; font-family: inherit; font-style: inherit; font-weight: inherit;\" href=\"mailto:info@cuisinesante.com\">info@cuisinesante.com<\/a>\u00a0or cuisinesantef@<span style=\"font-family: inherit; font-style: inherit; font-weight: inherit;\">gmail.com<\/span><\/span><\/p>\t\t\t\t\t\t\t\t<\/div>\n\t\t\t\t<\/div>\n\t\t\t\t\t<\/div>\n\t\t<\/div>\n\t\t\t\t<div class=\"elementor-column elementor-col-50 elementor-top-column elementor-element elementor-element-99320ee\" data-id=\"99320ee\" data-element_type=\"column\" data-e-type=\"column\">\n\t\t\t<div class=\"elementor-widget-wrap elementor-element-populated\">\n\t\t\t\t\t\t<div class=\"elementor-element elementor-element-e07ce35 elementor-widget elementor-widget-image\" data-id=\"e07ce35\" data-element_type=\"widget\" data-e-type=\"widget\" data-widget_type=\"image.default\">\n\t\t\t\t<div class=\"elementor-widget-container\">\n\t\t\t\t\t\t\t\t\t\t\t\t\t\t\t<img decoding=\"async\" width=\"200\" height=\"300\" src=\"https:\/\/cuisinesantelab.com\/wp-content\/uploads\/2022\/04\/prati2.webp\" class=\"attachment-large size-large wp-image-7437\" alt=\"\" srcset=\"https:\/\/cuisinesantelab.com\/wp-content\/uploads\/2022\/04\/prati2.webp 200w, https:\/\/cuisinesantelab.com\/wp-content\/uploads\/2022\/04\/prati2-8x12.webp 8w\" sizes=\"(max-width: 200px) 100vw, 200px\" \/>\t\t\t\t\t\t\t\t\t\t\t\t\t\t\t<\/div>\n\t\t\t\t<\/div>\n\t\t\t\t\t<\/div>\n\t\t<\/div>\n\t\t\t\t\t<\/div>\n\t\t<\/section>\n\t\t\t\t<\/div>","protected":false},"excerpt":{"rendered":"<p>Le fenouil, un antidote symbolique Nous sommes au treizi\u00e8me\u00a0si\u00e8cle, sur les terrains rocailleux et secs du Sud de l\u2019Europe, lorsque le terme \u00ab\u00a0fenouil\u00a0\u00bb apparait dans la langue fran\u00e7aise.\u00a0Il est synonyme [&hellip;]<\/p>\n","protected":false},"author":3,"featured_media":0,"comment_status":"open","ping_status":"open","sticky":false,"template":"","format":"standard","meta":{"footnotes":""},"categories":[19],"tags":[],"class_list":["post-7431","post","type-post","status-publish","format-standard","hentry","category-nutrition"],"_links":{"self":[{"href":"https:\/\/cuisinesantelab.com\/en\/wp-json\/wp\/v2\/posts\/7431","targetHints":{"allow":["GET"]}}],"collection":[{"href":"https:\/\/cuisinesantelab.com\/en\/wp-json\/wp\/v2\/posts"}],"about":[{"href":"https:\/\/cuisinesantelab.com\/en\/wp-json\/wp\/v2\/types\/post"}],"author":[{"embeddable":true,"href":"https:\/\/cuisinesantelab.com\/en\/wp-json\/wp\/v2\/users\/3"}],"replies":[{"embeddable":true,"href":"https:\/\/cuisinesantelab.com\/en\/wp-json\/wp\/v2\/comments?post=7431"}],"version-history":[{"count":17,"href":"https:\/\/cuisinesantelab.com\/en\/wp-json\/wp\/v2\/posts\/7431\/revisions"}],"predecessor-version":[{"id":7548,"href":"https:\/\/cuisinesantelab.com\/en\/wp-json\/wp\/v2\/posts\/7431\/revisions\/7548"}],"wp:attachment":[{"href":"https:\/\/cuisinesantelab.com\/en\/wp-json\/wp\/v2\/media?parent=7431"}],"wp:term":[{"taxonomy":"category","embeddable":true,"href":"https:\/\/cuisinesantelab.com\/en\/wp-json\/wp\/v2\/categories?post=7431"},{"taxonomy":"post_tag","embeddable":true,"href":"https:\/\/cuisinesantelab.com\/en\/wp-json\/wp\/v2\/tags?post=7431"}],"curies":[{"name":"wp","href":"https:\/\/api.w.org\/{rel}","templated":true}]}}